{"id":6000,"date":"2023-11-17T14:17:48","date_gmt":"2023-11-17T17:17:48","guid":{"rendered":"https:\/\/graficosmg.org.br\/site\/?p=6000"},"modified":"2023-11-17T14:20:51","modified_gmt":"2023-11-17T17:20:51","slug":"cem-meses-sem-recolhimento-do-fgts","status":"publish","type":"post","link":"https:\/\/graficosmg.org.br\/site\/cem-meses-sem-recolhimento-do-fgts\/","title":{"rendered":"Cem meses sem recolhimento do FGTS"},"content":{"rendered":"\t\t<div data-elementor-type=\"wp-post\" data-elementor-id=\"6000\" class=\"elementor elementor-6000\" data-elementor-post-type=\"post\">\n\t\t\t\t\t\t<section class=\"elementor-section elementor-top-section elementor-element elementor-element-7f1427aa elementor-section-boxed elementor-section-height-default elementor-section-height-default\" data-id=\"7f1427aa\" data-element_type=\"section\" data-e-type=\"section\">\n\t\t\t\t\t\t<div class=\"elementor-container elementor-column-gap-default\">\n\t\t\t\t\t<div class=\"elementor-column elementor-col-100 elementor-top-column elementor-element elementor-element-69067c55\" data-id=\"69067c55\" data-element_type=\"column\" data-e-type=\"column\">\n\t\t\t<div class=\"elementor-widget-wrap elementor-element-populated\">\n\t\t\t\t\t\t<div class=\"elementor-element elementor-element-29d4608 elementor-widget elementor-widget-image\" data-id=\"29d4608\" data-element_type=\"widget\" data-e-type=\"widget\" data-widget_type=\"image.default\">\n\t\t\t\t<div class=\"elementor-widget-container\">\n\t\t\t\t\t\t\t\t\t\t\t\t\t\t\t<img fetchpriority=\"high\" decoding=\"async\" width=\"1024\" height=\"1024\" src=\"https:\/\/graficosmg.org.br\/site\/wp-content\/uploads\/2023\/11\/Imagem-do-WhatsApp-de-2023-11-17-as-08.29.06_843381ab-1024x1024.jpg\" class=\"attachment-large size-large wp-image-6001\" alt=\"\" srcset=\"https:\/\/graficosmg.org.br\/site\/wp-content\/uploads\/2023\/11\/Imagem-do-WhatsApp-de-2023-11-17-as-08.29.06_843381ab-1024x1024.jpg 1024w, https:\/\/graficosmg.org.br\/site\/wp-content\/uploads\/2023\/11\/Imagem-do-WhatsApp-de-2023-11-17-as-08.29.06_843381ab-300x300.jpg 300w, https:\/\/graficosmg.org.br\/site\/wp-content\/uploads\/2023\/11\/Imagem-do-WhatsApp-de-2023-11-17-as-08.29.06_843381ab-150x150.jpg 150w, https:\/\/graficosmg.org.br\/site\/wp-content\/uploads\/2023\/11\/Imagem-do-WhatsApp-de-2023-11-17-as-08.29.06_843381ab-768x768.jpg 768w, https:\/\/graficosmg.org.br\/site\/wp-content\/uploads\/2023\/11\/Imagem-do-WhatsApp-de-2023-11-17-as-08.29.06_843381ab-600x600.jpg 600w, https:\/\/graficosmg.org.br\/site\/wp-content\/uploads\/2023\/11\/Imagem-do-WhatsApp-de-2023-11-17-as-08.29.06_843381ab-100x100.jpg 100w, https:\/\/graficosmg.org.br\/site\/wp-content\/uploads\/2023\/11\/Imagem-do-WhatsApp-de-2023-11-17-as-08.29.06_843381ab.jpg 1080w\" sizes=\"(max-width: 1024px) 100vw, 1024px\" \/>\t\t\t\t\t\t\t\t\t\t\t\t\t\t\t<\/div>\n\t\t\t\t<\/div>\n\t\t\t\t<div class=\"elementor-element elementor-element-424eaf86 elementor-widget elementor-widget-text-editor\" data-id=\"424eaf86\" data-element_type=\"widget\" data-e-type=\"widget\" data-widget_type=\"text-editor.default\">\n\t\t\t\t<div class=\"elementor-widget-container\">\n\t\t\t\t\t\t\t\t\t<p style=\"text-align: justify;\">Nada a comemorar. J\u00e1 s\u00e3o cem meses sem recolhimento do FGTS. O Sindicatos dos Gr\u00e1ficos, dos jornalistas e administradores, que representam categorias de trabalhadores do jornal Estado de Minas, movem a\u00e7\u00f5es na Justi\u00e7a em busca dessa regulariza\u00e7\u00e3o, mas os processos caminham em marcha lenta.<\/p>\n\n<p style=\"text-align: justify;\">No caso do Sindicato dos Gr\u00e1ficos e Sindicato dos Jornalistas Profissionais de Minas Gerais, a a\u00e7\u00e3o contra o n\u00e3o recolhimento come\u00e7ou a tramitar em 2014, ou seja, quase uma d\u00e9cada na Justi\u00e7a. E sem solu\u00e7\u00e3o.<\/p>\n\n<p style=\"text-align: justify;\">A Procuradoria-Geral da Fazenda Nacional move, desde o ano passado, uma a\u00e7\u00e3o em que cobra tamb\u00e9m esse recolhimento. E o Minist\u00e9rio P\u00fablico do Trabalho, tamb\u00e9m recentemente, ajuizou uma a\u00e7\u00e3o contra o Estado de Minas e a TV Alterosa exigindo o cumprimento dos direitos trabalhistas dos contratos em curso nas duas emissoras.<\/p>\n\n<p style=\"text-align: justify;\">Quem sabe com a entrada na hist\u00f3ria dessas duas institui\u00e7\u00f5es, algo avance e barre uma d\u00e9cada de injusti\u00e7a e desrespeito aos direitos dos\u00a0trabalhadores.<\/p>\t\t\t\t\t\t\t\t<\/div>\n\t\t\t\t<\/div>\n\t\t\t\t\t<\/div>\n\t\t<\/div>\n\t\t\t\t\t<\/div>\n\t\t<\/section>\n\t\t\t\t<\/div>\n\t\t","protected":false},"excerpt":{"rendered":"<p>Nada a comemorar. J\u00e1 s\u00e3o cem meses sem recolhimento do FGTS. O Sindicatos dos Gr\u00e1ficos, dos jornalistas e administradores, que&hellip;<\/p>\n","protected":false},"author":1,"featured_media":6003,"comment_status":"open","ping_status":"open","sticky":false,"template":"","format":"standard","meta":{"pmpro_default_level":0,"footnotes":""},"categories":[7,9],"tags":[],"class_list":["post-6000","post","type-post","status-publish","format-standard","has-post-thumbnail","hentry","category-artigo","category-noticias","pmpro-has-access"],"_links":{"self":[{"href":"https:\/\/graficosmg.org.br\/site\/wp-json\/wp\/v2\/posts\/6000","targetHints":{"allow":["GET"]}}],"collection":[{"href":"https:\/\/graficosmg.org.br\/site\/wp-json\/wp\/v2\/posts"}],"about":[{"href":"https:\/\/graficosmg.org.br\/site\/wp-json\/wp\/v2\/types\/post"}],"author":[{"embeddable":true,"href":"https:\/\/graficosmg.org.br\/site\/wp-json\/wp\/v2\/users\/1"}],"replies":[{"embeddable":true,"href":"https:\/\/graficosmg.org.br\/site\/wp-json\/wp\/v2\/comments?post=6000"}],"version-history":[{"count":0,"href":"https:\/\/graficosmg.org.br\/site\/wp-json\/wp\/v2\/posts\/6000\/revisions"}],"wp:featuredmedia":[{"embeddable":true,"href":"https:\/\/graficosmg.org.br\/site\/wp-json\/wp\/v2\/media\/6003"}],"wp:attachment":[{"href":"https:\/\/graficosmg.org.br\/site\/wp-json\/wp\/v2\/media?parent=6000"}],"wp:term":[{"taxonomy":"category","embeddable":true,"href":"https:\/\/graficosmg.org.br\/site\/wp-json\/wp\/v2\/categories?post=6000"},{"taxonomy":"post_tag","embeddable":true,"href":"https:\/\/graficosmg.org.br\/site\/wp-json\/wp\/v2\/tags?post=6000"}],"curies":[{"name":"wp","href":"https:\/\/api.w.org\/{rel}","templated":true}]}}