{"id":5839,"date":"2023-09-12T21:24:27","date_gmt":"2023-09-13T00:24:27","guid":{"rendered":"https:\/\/graficosmg.org.br\/site\/?p=5839"},"modified":"2023-09-12T21:57:59","modified_gmt":"2023-09-13T00:57:59","slug":"setembro-amarelo-se-precisar-peca-ajuda","status":"publish","type":"post","link":"https:\/\/graficosmg.org.br\/site\/setembro-amarelo-se-precisar-peca-ajuda\/","title":{"rendered":"Setembro Amarelo: se precisar, pe\u00e7a ajuda!"},"content":{"rendered":"<p><img fetchpriority=\"high\" decoding=\"async\" class=\"alignleft size-full wp-image-5843\" src=\"https:\/\/graficosmg.org.br\/site\/wp-content\/uploads\/2023\/09\/Imagem-do-WhatsApp-de-2023-09-11-as-19.02.24.jpg\" alt=\"\" width=\"1080\" height=\"1080\" srcset=\"https:\/\/graficosmg.org.br\/site\/wp-content\/uploads\/2023\/09\/Imagem-do-WhatsApp-de-2023-09-11-as-19.02.24.jpg 1080w, https:\/\/graficosmg.org.br\/site\/wp-content\/uploads\/2023\/09\/Imagem-do-WhatsApp-de-2023-09-11-as-19.02.24-300x300.jpg 300w, https:\/\/graficosmg.org.br\/site\/wp-content\/uploads\/2023\/09\/Imagem-do-WhatsApp-de-2023-09-11-as-19.02.24-1024x1024.jpg 1024w, https:\/\/graficosmg.org.br\/site\/wp-content\/uploads\/2023\/09\/Imagem-do-WhatsApp-de-2023-09-11-as-19.02.24-150x150.jpg 150w, https:\/\/graficosmg.org.br\/site\/wp-content\/uploads\/2023\/09\/Imagem-do-WhatsApp-de-2023-09-11-as-19.02.24-768x768.jpg 768w, https:\/\/graficosmg.org.br\/site\/wp-content\/uploads\/2023\/09\/Imagem-do-WhatsApp-de-2023-09-11-as-19.02.24-600x600.jpg 600w, https:\/\/graficosmg.org.br\/site\/wp-content\/uploads\/2023\/09\/Imagem-do-WhatsApp-de-2023-09-11-as-19.02.24-100x100.jpg 100w\" sizes=\"(max-width: 1080px) 100vw, 1080px\" \/><\/p>\n<p style=\"text-align: center;\"><div class=\"su-button-center\"><a href=\"https:\/\/graficosmg.org.br\/site\/wp-content\/uploads\/2023\/09\/CARTILHA-COMO-AJUDAR_.pdf\" class=\"su-button su-button-style-default su-button-wide\" style=\"color:#FFFFFF;background-color:#2D89EF;border-color:#246ec0;border-radius:5px\" target=\"_self\"><span style=\"color:#FFFFFF;padding:6px 16px;font-size:13px;line-height:20px;border-color:#6cadf4;border-radius:5px;text-shadow:none\"><i class=\"sui sui-file-pdf-o\" style=\"font-size:13px;color:#FFFFFF\"><\/i> Baixar Cartilha de Preven\u00e7\u00e3o ao Suic\u00eddio<\/span><\/a><\/div>\n<p style=\"text-align: justify;\">Todos n\u00f3s devemos atuar ativamente na conscientiza\u00e7\u00e3o da import\u00e2ncia que a vida tem e ajudar na preven\u00e7\u00e3o do suic\u00eddio, tema que ainda \u00e9 visto como tabu. \u00c9 importante falar sobre o assunto para que as pessoas que estejam passando por momentos dif\u00edceis e de crise busquem ajuda e entendam que a vida sempre vai ser a melhor escolha.<\/p>\n<p style=\"text-align: justify;\">Quando uma pessoa decide terminar com a sua vida, os seus pensamentos, sentimentos e a\u00e7\u00f5es apresentam-se muito restritivos, ou seja, ela pensa constantemente sobre o suic\u00eddio e \u00e9 incapaz de perceber outras maneiras de enfrentar ou de sair do problema. Essas pessoas pensam rigidamente pela distor\u00e7\u00e3o que o sofrimento emocional imp\u00f5e.<\/p>\n<p style=\"text-align: justify;\">Se informar para aprender e ajudar o pr\u00f3ximo \u00e9 a melhor sa\u00edda para lutar contra esse problema t\u00e3o grave. \u00c9 muito importante que as pessoas pr\u00f3ximas saibam identificar que algu\u00e9m est\u00e1 pensando em se matar e a ajude, tendo uma escuta ativa e sem julgamentos, mostrar que est\u00e1 dispon\u00edvel para ajudar e demonstrar empatia, mas principalmente levando-a ao m\u00e9dico psiquiatra, que vai saber como manejar a situa\u00e7\u00e3o e salvar esse paciente.<\/p>\n<p style=\"text-align: justify;\">Dados sobre suic\u00eddio<\/p>\n<p style=\"text-align: justify;\">O suic\u00eddio \u00e9 um importante problema de sa\u00fade p\u00fablica, com impactos na sociedade como um todo. Segundo dados da Organiza\u00e7\u00e3o Mundial de Sa\u00fade &#8211; OMS, todos os anos, mais pessoas morrem como resultado de suic\u00eddio do que HIV, mal\u00e1ria ou c\u00e2ncer de mama &#8211; ou guerras e homic\u00eddios.<\/p>\n<p style=\"text-align: justify;\">Entre os jovens de 15 a 29 anos, o suic\u00eddio foi a quarta causa e morte depois de acidentes no tr\u00e2nsito, tuberculose e viol\u00eancia interpessoal. Trata-se de um fen\u00f4meno complexo, que pode afetar indiv\u00edduos de diferentes origens, sexos, culturas, classes sociais e idades.<\/p>\n<p style=\"text-align: justify;\">Segundo dados da Secretaria de Vigil\u00e2ncia em Sa\u00fade divulgado pelo Minist\u00e9rio da Sa\u00fade em setembro de 2022, entre 2016 e 2021 houve um aumento de 49,3% nas taxas de mortalidade de adolescentes de 15 a 19 anos, chegando a 6,6 por 100 mil, e de 45% entre adolescentes de 10 a 14 anos, chegando a 1,33 por 100 mil.<\/p>\n<p style=\"text-align: justify;\">As taxas variam entre pa\u00edses, regi\u00f5es e entre homens e mulheres. No Brasil, 12,6% por cada 100 mil homens em compara\u00e7\u00e3o com 5,4% por cada 100 mil mulheres, morrem devido ao suic\u00eddio. As taxas entre os homens s\u00e3o geralmente mais altas em pa\u00edses de alta renda (16,6% por 100 mil). Para as mulheres, as taxas de suic\u00eddio mais altas s\u00e3o encontradas em pa\u00edses de baixa-m\u00e9dia renda (7,1% por 100 mil).<\/p>\n<p style=\"text-align: justify;\">Em pai\u0301ses da Europa, houve um decl\u00ednio nas taxas de suic\u00eddio e observou-se um aumento dessas taxas em pai\u0301ses do Leste Asia\u0301tico, Ame\u0301rica Central e Ame\u0301rica do Sul.<\/p>\n<p style=\"text-align: justify;\">Embora alguns pa\u00edses tenham colocado a preven\u00e7\u00e3o do suic\u00eddio no topo de suas agendas, muitos permanecem n\u00e3o comprometidos. Atualmente, apenas 38 pa\u00edses s\u00e3o conhecidos por terem uma estrat\u00e9gia nacional de preven\u00e7\u00e3o do suic\u00eddio. (site https:\/\/www.setembroamarelo.com\/)<\/p>\n","protected":false},"excerpt":{"rendered":"<p>Todos n\u00f3s devemos atuar ativamente na conscientiza\u00e7\u00e3o da import\u00e2ncia que a vida tem e ajudar na preven\u00e7\u00e3o do suic\u00eddio, tema&hellip;<\/p>\n","protected":false},"author":1,"featured_media":5846,"comment_status":"open","ping_status":"open","sticky":false,"template":"","format":"standard","meta":{"pmpro_default_level":0,"footnotes":""},"categories":[9],"tags":[],"class_list":["post-5839","post","type-post","status-publish","format-standard","has-post-thumbnail","hentry","category-noticias","pmpro-has-access"],"_links":{"self":[{"href":"https:\/\/graficosmg.org.br\/site\/wp-json\/wp\/v2\/posts\/5839","targetHints":{"allow":["GET"]}}],"collection":[{"href":"https:\/\/graficosmg.org.br\/site\/wp-json\/wp\/v2\/posts"}],"about":[{"href":"https:\/\/graficosmg.org.br\/site\/wp-json\/wp\/v2\/types\/post"}],"author":[{"embeddable":true,"href":"https:\/\/graficosmg.org.br\/site\/wp-json\/wp\/v2\/users\/1"}],"replies":[{"embeddable":true,"href":"https:\/\/graficosmg.org.br\/site\/wp-json\/wp\/v2\/comments?post=5839"}],"version-history":[{"count":0,"href":"https:\/\/graficosmg.org.br\/site\/wp-json\/wp\/v2\/posts\/5839\/revisions"}],"wp:featuredmedia":[{"embeddable":true,"href":"https:\/\/graficosmg.org.br\/site\/wp-json\/wp\/v2\/media\/5846"}],"wp:attachment":[{"href":"https:\/\/graficosmg.org.br\/site\/wp-json\/wp\/v2\/media?parent=5839"}],"wp:term":[{"taxonomy":"category","embeddable":true,"href":"https:\/\/graficosmg.org.br\/site\/wp-json\/wp\/v2\/categories?post=5839"},{"taxonomy":"post_tag","embeddable":true,"href":"https:\/\/graficosmg.org.br\/site\/wp-json\/wp\/v2\/tags?post=5839"}],"curies":[{"name":"wp","href":"https:\/\/api.w.org\/{rel}","templated":true}]}}